{"id":2025,"date":"2019-12-24T00:56:48","date_gmt":"2019-12-23T23:56:48","guid":{"rendered":"http:\/\/www.toulousenordfc.com\/?p=2025"},"modified":"2021-12-27T19:37:36","modified_gmt":"2021-12-27T18:37:36","slug":"nos-13a-vainqueurs-du-tournoi-de-frontignan","status":"publish","type":"post","link":"https:\/\/www.toulousenordfc.com\/index.php\/2019\/12\/24\/nos-13a-vainqueurs-du-tournoi-de-frontignan\/","title":{"rendered":"Les 13 A vainqueurs du Tournoi de Frontignan !"},"content":{"rendered":"<p>Dimanche 23 d\u00e9cembre 2019 se tenait le Tournoi de fin d&rsquo;ann\u00e9e de Frontignan.<\/p>\n<p>\u00ab\u00a0Que dire ? Simplement regarder et savourer&#8230; Les sourires, la joie, l\u2019ADN du TNFC dans son enti\u00e8ret\u00e9 transpire sur chaque photo de ce moment incroyable. Nos U13 sortent victorieux du tournoi de Frontignan. Dans une ambiance de feu, merci encore aux nombreux parents, ils battent en finale le club d\u2019Al\u00e8s par deux buts \u00e0 z\u00e9ro. La ma\u00eetrise tactique de l\u2019\u00e9quipe, Rayan son gardien infranchissable et Tom buteur par deux fois avec une classe rare qui marquera l\u2019\u00e9preuve, ne suscitent qu\u2019une envie : ENCORE !!!<\/p>\n<p>Bravo \u00e0 nos champions.\u00a0\u00bb<\/p>\n<p><strong>Tony PERRONE &amp; Birol DEGERLI<\/strong><\/p>\n<p><img loading=\"lazy\" class=\"alignleft size-full wp-image-2080\" src=\"https:\/\/www.toulousenordfc.com\/wp-content\/uploads\/2019\/12\/Frontignan-3JPG.jpg\" alt=\"\" width=\"1368\" height=\"1368\" srcset=\"https:\/\/www.toulousenordfc.com\/wp-content\/uploads\/2019\/12\/Frontignan-3JPG.jpg 1368w, https:\/\/www.toulousenordfc.com\/wp-content\/uploads\/2019\/12\/Frontignan-3JPG-150x150.jpg 150w, https:\/\/www.toulousenordfc.com\/wp-content\/uploads\/2019\/12\/Frontignan-3JPG-300x300.jpg 300w, https:\/\/www.toulousenordfc.com\/wp-content\/uploads\/2019\/12\/Frontignan-3JPG-768x768.jpg 768w, https:\/\/www.toulousenordfc.com\/wp-content\/uploads\/2019\/12\/Frontignan-3JPG-1024x1024.jpg 1024w, https:\/\/www.toulousenordfc.com\/wp-content\/uploads\/2019\/12\/Frontignan-3JPG-128x128.jpg 128w, https:\/\/www.toulousenordfc.com\/wp-content\/uploads\/2019\/12\/Frontignan-3JPG-32x32.jpg 32w\" sizes=\"(max-width: 1368px) 100vw, 1368px\" \/><\/p>\n<h2><\/h2>\n<p><img loading=\"lazy\" class=\"alignleft size-full wp-image-2081\" src=\"https:\/\/www.toulousenordfc.com\/wp-content\/uploads\/2019\/12\/Frontignan1.jpg\" alt=\"\" width=\"1368\" height=\"1368\" srcset=\"https:\/\/www.toulousenordfc.com\/wp-content\/uploads\/2019\/12\/Frontignan1.jpg 1368w, https:\/\/www.toulousenordfc.com\/wp-content\/uploads\/2019\/12\/Frontignan1-150x150.jpg 150w, https:\/\/www.toulousenordfc.com\/wp-content\/uploads\/2019\/12\/Frontignan1-300x300.jpg 300w, https:\/\/www.toulousenordfc.com\/wp-content\/uploads\/2019\/12\/Frontignan1-768x768.jpg 768w, https:\/\/www.toulousenordfc.com\/wp-content\/uploads\/2019\/12\/Frontignan1-1024x1024.jpg 1024w, https:\/\/www.toulousenordfc.com\/wp-content\/uploads\/2019\/12\/Frontignan1-128x128.jpg 128w, https:\/\/www.toulousenordfc.com\/wp-content\/uploads\/2019\/12\/Frontignan1-32x32.jpg 32w\" sizes=\"(max-width: 1368px) 100vw, 1368px\" \/><\/p>\n","protected":false},"excerpt":{"rendered":"<p>Dimanche 23 d\u00e9cembre 2019 se tenait le Tournoi de fin d&rsquo;ann\u00e9e de Frontignan. \u00ab\u00a0Que [&hellip;]<\/p>\n","protected":false},"author":2,"featured_media":2033,"comment_status":"closed","ping_status":"open","sticky":false,"template":"","format":"image","meta":[],"categories":[68],"tags":[],"_links":{"self":[{"href":"https:\/\/www.toulousenordfc.com\/index.php\/wp-json\/wp\/v2\/posts\/2025"}],"collection":[{"href":"https:\/\/www.toulousenordfc.com\/index.php\/wp-json\/wp\/v2\/posts"}],"about":[{"href":"https:\/\/www.toulousenordfc.com\/index.php\/wp-json\/wp\/v2\/types\/post"}],"author":[{"embeddable":true,"href":"https:\/\/www.toulousenordfc.com\/index.php\/wp-json\/wp\/v2\/users\/2"}],"replies":[{"embeddable":true,"href":"https:\/\/www.toulousenordfc.com\/index.php\/wp-json\/wp\/v2\/comments?post=2025"}],"version-history":[{"count":11,"href":"https:\/\/www.toulousenordfc.com\/index.php\/wp-json\/wp\/v2\/posts\/2025\/revisions"}],"predecessor-version":[{"id":4859,"href":"https:\/\/www.toulousenordfc.com\/index.php\/wp-json\/wp\/v2\/posts\/2025\/revisions\/4859"}],"wp:featuredmedia":[{"embeddable":true,"href":"https:\/\/www.toulousenordfc.com\/index.php\/wp-json\/wp\/v2\/media\/2033"}],"wp:attachment":[{"href":"https:\/\/www.toulousenordfc.com\/index.php\/wp-json\/wp\/v2\/media?parent=2025"}],"wp:term":[{"taxonomy":"category","embeddable":true,"href":"https:\/\/www.toulousenordfc.com\/index.php\/wp-json\/wp\/v2\/categories?post=2025"},{"taxonomy":"post_tag","embeddable":true,"href":"https:\/\/www.toulousenordfc.com\/index.php\/wp-json\/wp\/v2\/tags?post=2025"}],"curies":[{"name":"wp","href":"https:\/\/api.w.org\/{rel}","templated":true}]}}