{"id":2036,"date":"2019-12-24T01:27:41","date_gmt":"2019-12-24T00:27:41","guid":{"rendered":"http:\/\/www.toulousenordfc.com\/?p=2036"},"modified":"2021-12-27T19:39:52","modified_gmt":"2021-12-27T18:39:52","slug":"le-mot-du-president","status":"publish","type":"post","link":"https:\/\/www.toulousenordfc.com\/index.php\/2019\/12\/24\/le-mot-du-president\/","title":{"rendered":"Le mot du Pr\u00e9sident"},"content":{"rendered":"<p><a href=\"https:\/\/www.toulousenordfc.com\/wp-content\/uploads\/2019\/12\/LE-MOT-DU-PRE\u0301SIDENT-1.png\"><img loading=\"lazy\" class=\"alignleft size-full wp-image-2495\" src=\"https:\/\/www.toulousenordfc.com\/wp-content\/uploads\/2019\/12\/LE-MOT-DU-PRE\u0301SIDENT-1.png\" alt=\"\" width=\"1550\" height=\"938\" srcset=\"https:\/\/www.toulousenordfc.com\/wp-content\/uploads\/2019\/12\/LE-MOT-DU-PRE\u0301SIDENT-1.png 1550w, https:\/\/www.toulousenordfc.com\/wp-content\/uploads\/2019\/12\/LE-MOT-DU-PRE\u0301SIDENT-1-300x182.png 300w, https:\/\/www.toulousenordfc.com\/wp-content\/uploads\/2019\/12\/LE-MOT-DU-PRE\u0301SIDENT-1-768x465.png 768w, https:\/\/www.toulousenordfc.com\/wp-content\/uploads\/2019\/12\/LE-MOT-DU-PRE\u0301SIDENT-1-1024x620.png 1024w, https:\/\/www.toulousenordfc.com\/wp-content\/uploads\/2019\/12\/LE-MOT-DU-PRE\u0301SIDENT-1-128x77.png 128w, https:\/\/www.toulousenordfc.com\/wp-content\/uploads\/2019\/12\/LE-MOT-DU-PRE\u0301SIDENT-1-32x19.png 32w\" sizes=\"(max-width: 1550px) 100vw, 1550px\" \/><\/a>Bonjour \u00e0 tous,<\/p>\n<p>un petit mot pour vous faire un bilan du premier trimestre de la saison en cours.<\/p>\n<p>D\u2019un point de vu structurel, le club grandit vite. Nous \u00e9tions 114 \u00e0 sa cr\u00e9ation en 2017, 317 aujourd\u2019hui. Et ce, malgr\u00e9 le refus de plus de 100 licenci\u00e9s. L\u2019\u00e9quipe dirigeante grossit vite aussi. L\u2019arriv\u00e9e d\u2019\u00c9milie \u00e0 la vice-pr\u00e9sidence du club, un v\u00e9ritable bol d\u2019air et de bonne humeur m\u00eal\u00e9s \u00e0 une passion et un d\u00e9vouement sans \u00e9gal, de m\u00eame que le recrutement de Chanez en service civique devrait nous permettre de mieux structurer le club. Cela va \u00e9pauler le Comit\u00e9 Directeur qui a beaucoup de sujets \u00e0 traiter chaque premier mercredi du mois en s\u00e9ance publique o\u00f9 vous pouvez assister (budget, sponsor, discipline, plateaux, tournois, \u00e9quipements, recrutement\u2026).<\/p>\n<p>La mairie de Toulouse semble avoir entendue le sifflement du train TNFC puisqu\u2019elle s\u2019est engag\u00e9e sur plusieurs points. L\u2019\u00e9clairage a \u00e9t\u00e9 remis \u00e0 niveau, le nouveau club house sortira de terre \u00e0 la fin du premier semestre et un minibus devrait nous \u00eatre aussi subventionn\u00e9. Tout n\u2019est pas parfait au TNFC, j\u2019en conviens et nous y travaillons, mais nous obtenons des r\u00e9sultats quand m\u00eame. Avec vous, nous en aurons d\u2019autres.<\/p>\n<p>D\u2019un point de vue sportif, nos petits font honneur \u00e0 nos couleurs. Nos U6 \u00e0 U9 cartonnent tous les week-ends. Nous comptons des U10 et U13 au plus haut niveau, deux \u00e9quipes championnes de phase chacune \u00e0 leur tour. Nos U15 montent en cat\u00e9gorie sup\u00e9rieure alors que nos U11 et U12 flirtent avec la D1. M\u00eame nos filles se sont mises \u00e0 gagner, comme quoi le travail paye. N\u2019h\u00e9sitez pas \u00e0 rejoindre cette joyeuse \u00ab girls band \u00bb qui recherche encore quelques joueuses. Enfin les joueurs de l\u2019\u00e9quipe fanion marquent le pas mais quoi de plus normal apr\u00e8s deux mont\u00e9es successives. Notre Manager General arrivera \u00e0 nos fins, aucun doute sur le sujet m\u00eame si pour cela il faut attendre. Patience Guillaume\u2026<\/p>\n<p>L\u2019ann\u00e9e 2020 sera tr\u00e8s charg\u00e9e avec la premi\u00e8re \u00e9dition de la Cazal Open Cup, le tournoi du TNFC, les 1er, 2 et 3 mai pour les U6 \u00e0 U13. 64 \u00e9quipes sur un tournoi de 3 jours avec Food Trucks et concert gratuit le 1er mai sur le parking. Oui le Funky Style Bass sera sur nos installations !!! Ambiance garantie ! Et travail aussi\u2026 Je compte sur la pr\u00e9sence de toute la famille ce jour. Une r\u00e9union aura lieu en d\u00e9but d\u2019ann\u00e9e pour que les b\u00e9n\u00e9voles d\u00e9sireux de mettre des sourires sur les visages de nos enfants viennent renforcer l\u2019\u00e9quipe. 15 jours plus tard, ce sera notre premier vide grenier, r\u00e9serv\u00e9 en priorit\u00e9 \u00e0 nos adh\u00e9rents. Une communication sp\u00e9ciale sera faite \u00e0 ce sujet.<\/p>\n<p>Je ne cl\u00f4turerai pas ce petit mot sans remercier particuli\u00e8rement Mohammed ainsi que Guillaume et Damien, respectivement investi dans la distribution des \u00e9quipements et la communication. N\u2019h\u00e9sitez pas \u00e0 aller vers eux en cas de manque, et \u00e0 visiter notre site Internet en pleine refonte, mais comme nos enfants, chaque jour plus beau.<\/p>\n<p>En 2019 comme en 2020, le TNFC, Plus qu\u2019un club, Une Famille\u2026<\/p>\n<p>Bonnes f\u00eates \u00e0 tous et en forme pour la reprise d\u00e8s le 6 janvier 2020.<\/p>\n<p><strong>Tony PERRONE<\/strong><\/p>\n","protected":false},"excerpt":{"rendered":"<p>Bonjour \u00e0 tous, un petit mot pour vous faire un bilan du premier trimestre [&hellip;]<\/p>\n","protected":false},"author":2,"featured_media":2495,"comment_status":"closed","ping_status":"open","sticky":false,"template":"","format":"image","meta":[],"categories":[71],"tags":[],"_links":{"self":[{"href":"https:\/\/www.toulousenordfc.com\/index.php\/wp-json\/wp\/v2\/posts\/2036"}],"collection":[{"href":"https:\/\/www.toulousenordfc.com\/index.php\/wp-json\/wp\/v2\/posts"}],"about":[{"href":"https:\/\/www.toulousenordfc.com\/index.php\/wp-json\/wp\/v2\/types\/post"}],"author":[{"embeddable":true,"href":"https:\/\/www.toulousenordfc.com\/index.php\/wp-json\/wp\/v2\/users\/2"}],"replies":[{"embeddable":true,"href":"https:\/\/www.toulousenordfc.com\/index.php\/wp-json\/wp\/v2\/comments?post=2036"}],"version-history":[{"count":31,"href":"https:\/\/www.toulousenordfc.com\/index.php\/wp-json\/wp\/v2\/posts\/2036\/revisions"}],"predecessor-version":[{"id":4860,"href":"https:\/\/www.toulousenordfc.com\/index.php\/wp-json\/wp\/v2\/posts\/2036\/revisions\/4860"}],"wp:featuredmedia":[{"embeddable":true,"href":"https:\/\/www.toulousenordfc.com\/index.php\/wp-json\/wp\/v2\/media\/2495"}],"wp:attachment":[{"href":"https:\/\/www.toulousenordfc.com\/index.php\/wp-json\/wp\/v2\/media?parent=2036"}],"wp:term":[{"taxonomy":"category","embeddable":true,"href":"https:\/\/www.toulousenordfc.com\/index.php\/wp-json\/wp\/v2\/categories?post=2036"},{"taxonomy":"post_tag","embeddable":true,"href":"https:\/\/www.toulousenordfc.com\/index.php\/wp-json\/wp\/v2\/tags?post=2036"}],"curies":[{"name":"wp","href":"https:\/\/api.w.org\/{rel}","templated":true}]}}