{"id":2673,"date":"2020-03-01T15:01:35","date_gmt":"2020-03-01T14:01:35","guid":{"rendered":"http:\/\/www.toulousenordfc.com\/?p=2673"},"modified":"2021-12-28T15:26:35","modified_gmt":"2021-12-28T14:26:35","slug":"les-u13-d1-a-lhonneur","status":"publish","type":"post","link":"https:\/\/www.toulousenordfc.com\/index.php\/2020\/03\/01\/les-u13-d1-a-lhonneur\/","title":{"rendered":"Les U13 D1 \u00e0 l&rsquo;honneur"},"content":{"rendered":"<p><a href=\"https:\/\/www.toulousenordfc.com\/wp-content\/uploads\/2019\/12\/IMG_0712.jpg\"><img loading=\"lazy\" class=\"alignleft size-full wp-image-1451\" src=\"https:\/\/www.toulousenordfc.com\/wp-content\/uploads\/2019\/12\/IMG_0712.jpg\" alt=\"\" width=\"6000\" height=\"4000\" srcset=\"https:\/\/www.toulousenordfc.com\/wp-content\/uploads\/2019\/12\/IMG_0712.jpg 6000w, https:\/\/www.toulousenordfc.com\/wp-content\/uploads\/2019\/12\/IMG_0712-300x200.jpg 300w, https:\/\/www.toulousenordfc.com\/wp-content\/uploads\/2019\/12\/IMG_0712-768x512.jpg 768w, https:\/\/www.toulousenordfc.com\/wp-content\/uploads\/2019\/12\/IMG_0712-1024x683.jpg 1024w, https:\/\/www.toulousenordfc.com\/wp-content\/uploads\/2019\/12\/IMG_0712-128x85.jpg 128w, https:\/\/www.toulousenordfc.com\/wp-content\/uploads\/2019\/12\/IMG_0712-32x21.jpg 32w\" sizes=\"(max-width: 6000px) 100vw, 6000px\" \/><\/a>Ce samedi 29 f\u00e9vrier se d\u00e9roulait \u00e0 Brax le dernier tour qualificatif pour la finale de coupe d\u00e9partementale U13 Pitch.<\/p>\n<p>Des conditions compliqu\u00e9es et un terrain \u00e0 limite du praticable ne pouvaient permettre de pratiquer du beau jeu et seule l&rsquo;envie pouvait alors menait \u00e0 la qualification.<\/p>\n<p>D\u00e9termin\u00e9s, les boys de Tony Perrone et de Birol Degerli n&rsquo;en n&rsquo;ont alors pas manqu\u00e9. R\u00e9sultats, 3 matchs, 3 victoires, 11 buts marqu\u00e9s pour aucun encaiss\u00e9. Les s\u00e9ances de travail et les tournois des vacances ont tout bonnement port\u00e9 leurs fruits.<\/p>\n<p>D\u00e9sormais, souhaitons-leur bonne chance pour la suite car le r\u00eave est encore possible.<\/p>\n","protected":false},"excerpt":{"rendered":"<p>Ce samedi 29 f\u00e9vrier se d\u00e9roulait \u00e0 Brax le dernier tour qualificatif pour la [&hellip;]<\/p>\n","protected":false},"author":2,"featured_media":1451,"comment_status":"closed","ping_status":"open","sticky":false,"template":"","format":"image","meta":[],"categories":[68],"tags":[],"_links":{"self":[{"href":"https:\/\/www.toulousenordfc.com\/index.php\/wp-json\/wp\/v2\/posts\/2673"}],"collection":[{"href":"https:\/\/www.toulousenordfc.com\/index.php\/wp-json\/wp\/v2\/posts"}],"about":[{"href":"https:\/\/www.toulousenordfc.com\/index.php\/wp-json\/wp\/v2\/types\/post"}],"author":[{"embeddable":true,"href":"https:\/\/www.toulousenordfc.com\/index.php\/wp-json\/wp\/v2\/users\/2"}],"replies":[{"embeddable":true,"href":"https:\/\/www.toulousenordfc.com\/index.php\/wp-json\/wp\/v2\/comments?post=2673"}],"version-history":[{"count":6,"href":"https:\/\/www.toulousenordfc.com\/index.php\/wp-json\/wp\/v2\/posts\/2673\/revisions"}],"predecessor-version":[{"id":4905,"href":"https:\/\/www.toulousenordfc.com\/index.php\/wp-json\/wp\/v2\/posts\/2673\/revisions\/4905"}],"wp:featuredmedia":[{"embeddable":true,"href":"https:\/\/www.toulousenordfc.com\/index.php\/wp-json\/wp\/v2\/media\/1451"}],"wp:attachment":[{"href":"https:\/\/www.toulousenordfc.com\/index.php\/wp-json\/wp\/v2\/media?parent=2673"}],"wp:term":[{"taxonomy":"category","embeddable":true,"href":"https:\/\/www.toulousenordfc.com\/index.php\/wp-json\/wp\/v2\/categories?post=2673"},{"taxonomy":"post_tag","embeddable":true,"href":"https:\/\/www.toulousenordfc.com\/index.php\/wp-json\/wp\/v2\/tags?post=2673"}],"curies":[{"name":"wp","href":"https:\/\/api.w.org\/{rel}","templated":true}]}}