{"id":3875,"date":"2021-01-03T12:51:27","date_gmt":"2021-01-03T11:51:27","guid":{"rendered":"http:\/\/www.toulousenordfc.com\/?p=3875"},"modified":"2021-12-27T18:51:33","modified_gmt":"2021-12-27T17:51:33","slug":"le-mot-du-president-2","status":"publish","type":"post","link":"https:\/\/www.toulousenordfc.com\/index.php\/2021\/01\/03\/le-mot-du-president-2\/","title":{"rendered":"Le mot du Pr\u00e9sident"},"content":{"rendered":"<p><span style=\"font-family: arial,helvetica,sans-serif;\"><a href=\"https:\/\/www.toulousenordfc.com\/wp-content\/uploads\/2019\/12\/LE-MOT-DU-PRE\u0301SIDENT-1.png\"><img loading=\"lazy\" class=\"alignleft wp-image-2495 size-full\" src=\"https:\/\/www.toulousenordfc.com\/wp-content\/uploads\/2019\/12\/LE-MOT-DU-PRE\u0301SIDENT-1.png\" alt=\"\" width=\"1550\" height=\"938\" srcset=\"https:\/\/www.toulousenordfc.com\/wp-content\/uploads\/2019\/12\/LE-MOT-DU-PRE\u0301SIDENT-1.png 1550w, https:\/\/www.toulousenordfc.com\/wp-content\/uploads\/2019\/12\/LE-MOT-DU-PRE\u0301SIDENT-1-300x182.png 300w, https:\/\/www.toulousenordfc.com\/wp-content\/uploads\/2019\/12\/LE-MOT-DU-PRE\u0301SIDENT-1-768x465.png 768w, https:\/\/www.toulousenordfc.com\/wp-content\/uploads\/2019\/12\/LE-MOT-DU-PRE\u0301SIDENT-1-1024x620.png 1024w, https:\/\/www.toulousenordfc.com\/wp-content\/uploads\/2019\/12\/LE-MOT-DU-PRE\u0301SIDENT-1-128x77.png 128w, https:\/\/www.toulousenordfc.com\/wp-content\/uploads\/2019\/12\/LE-MOT-DU-PRE\u0301SIDENT-1-32x19.png 32w\" sizes=\"(max-width: 1550px) 100vw, 1550px\" \/><\/a>Une ann\u00e9e s&rsquo;en est all\u00e9e. <\/span><span style=\"font-family: arial,helvetica,sans-serif;\">Une ann\u00e9e \u00e9trange, difficile, et \u00e0 oublier pour beaucoup.<\/span><br \/>\n<span style=\"font-family: arial,helvetica,sans-serif;\">Pourtant l&rsquo;\u00e9trange peut fasciner, la difficult\u00e9 forger alors que l&rsquo;oubli n&rsquo;est que l&rsquo;apaisement de l&rsquo;instant. Je veux et en aucun cas ne souhaite, en cette nouvelle ann\u00e9e, que notre essence reprenne force et candeur.<\/span><\/p>\n<p><span style=\"font-family: arial,helvetica,sans-serif;\">Notre club est jeune et petit, mais j&rsquo;ai le sentiment que plus rien ne\u00a0l&rsquo;arr\u00eatera plus.<br \/>\n\u200bIl faut pour cela remercier chacun qui donne juste une seconde ou toute une vie.<br \/>\n\u200bParce qu&rsquo;un seul sourire sur un visage d&rsquo;enfant n&rsquo;a pas de prix. Et que c&rsquo;est l\u00e0 m\u00eame, notre essence, autant que la gen\u00e8se et le futur du TNFC.<\/span><\/p>\n<p><span style=\"font-family: arial,helvetica,sans-serif;\">\u200bUne parenth\u00e8se va s&rsquo;achever, mais fort de son contenu, nous saurons, non pas aller, mais atteindre, la r\u00e9ussite prenant le pas sur l&rsquo;essai. Nous savons d\u00e9sormais, quelle force ! Alors point d&rsquo;oubli, mais juste conviction.<\/span><\/p>\n<p><span style=\"font-family: arial,helvetica,sans-serif;\">Pour que 2021 soit un d\u00e9but et non une fin, mais surtout la poursuite d&rsquo;une destin\u00e9e, la route vers la joie pour chacun de nos enfants et parents. <\/span><\/p>\n<p><span style=\"font-family: arial,helvetica,sans-serif;\">Ainsi, notre club n&rsquo;est pas petit, mais d\u00e9j\u00e0 le plus grand il est.<br \/>\n<\/span><\/p>\n<p><span style=\"font-family: arial,helvetica,sans-serif;\">Bonne et heureuse ann\u00e9e \u00e0 vous.<\/span><\/p>\n<p><span style=\"font-family: arial,helvetica,sans-serif;\">Plus qu&rsquo;un club, une famille &#8230;<br \/>\n<strong>Tony Perrone<\/strong>, <\/span><span style=\"font-family: arial,helvetica,sans-serif;\">Pr\u00e9sident TNFC<\/span><\/p>\n<p><em>\u00ab\u00a0N&rsquo;essayez pas de devenir un homme qui a du succ\u00e8s mai un homme qui a de la valeur &#8230; La valeur d&rsquo;un homme tient dans sa capacit\u00e9 \u00e0 donner et non pas dans sa capacit\u00e9 \u00e0 recevoir.\u00a0\u00bb Albert Einstein\u00a0<\/em><\/p>\n<p>\u200c<\/p>\n","protected":false},"excerpt":{"rendered":"<p>Une ann\u00e9e s&rsquo;en est all\u00e9e. Une ann\u00e9e \u00e9trange, difficile, et \u00e0 oublier pour beaucoup. [&hellip;]<\/p>\n","protected":false},"author":2,"featured_media":2495,"comment_status":"closed","ping_status":"open","sticky":false,"template":"","format":"image","meta":[],"categories":[70],"tags":[],"_links":{"self":[{"href":"https:\/\/www.toulousenordfc.com\/index.php\/wp-json\/wp\/v2\/posts\/3875"}],"collection":[{"href":"https:\/\/www.toulousenordfc.com\/index.php\/wp-json\/wp\/v2\/posts"}],"about":[{"href":"https:\/\/www.toulousenordfc.com\/index.php\/wp-json\/wp\/v2\/types\/post"}],"author":[{"embeddable":true,"href":"https:\/\/www.toulousenordfc.com\/index.php\/wp-json\/wp\/v2\/users\/2"}],"replies":[{"embeddable":true,"href":"https:\/\/www.toulousenordfc.com\/index.php\/wp-json\/wp\/v2\/comments?post=3875"}],"version-history":[{"count":9,"href":"https:\/\/www.toulousenordfc.com\/index.php\/wp-json\/wp\/v2\/posts\/3875\/revisions"}],"predecessor-version":[{"id":4769,"href":"https:\/\/www.toulousenordfc.com\/index.php\/wp-json\/wp\/v2\/posts\/3875\/revisions\/4769"}],"wp:featuredmedia":[{"embeddable":true,"href":"https:\/\/www.toulousenordfc.com\/index.php\/wp-json\/wp\/v2\/media\/2495"}],"wp:attachment":[{"href":"https:\/\/www.toulousenordfc.com\/index.php\/wp-json\/wp\/v2\/media?parent=3875"}],"wp:term":[{"taxonomy":"category","embeddable":true,"href":"https:\/\/www.toulousenordfc.com\/index.php\/wp-json\/wp\/v2\/categories?post=3875"},{"taxonomy":"post_tag","embeddable":true,"href":"https:\/\/www.toulousenordfc.com\/index.php\/wp-json\/wp\/v2\/tags?post=3875"}],"curies":[{"name":"wp","href":"https:\/\/api.w.org\/{rel}","templated":true}]}}