{"id":503,"date":"2018-02-02T13:10:45","date_gmt":"2018-02-02T12:10:45","guid":{"rendered":"http:\/\/www.toulousenordfc.com\/?p=503"},"modified":"2018-02-02T23:09:29","modified_gmt":"2018-02-02T22:09:29","slug":"le-tnfc-fete-les-rois","status":"publish","type":"post","link":"https:\/\/www.toulousenordfc.com\/index.php\/2018\/02\/02\/le-tnfc-fete-les-rois\/","title":{"rendered":"Le TNFC f\u00eate les rois"},"content":{"rendered":"<p>Ce mercredi 31 janvier 2018 \u00e0 17h30 s&rsquo;est d\u00e9roul\u00e9 dans la salle Cuvier de Croix Daurade, la premi\u00e8re \u00ab\u00a0galette des rois\u00a0\u00bb de l&rsquo;histoire du Toulouse Nord Football Club.<\/p>\n<p>Devant une assembl\u00e9e d&rsquo;une centaine de personne, le pr\u00e9sident Christian Giudice et Jellel Chadli, responsable de la section U15, ont tour \u00e0 tour pris la parole pour remercier parents et enfants d&rsquo;\u00eatre venus en nombre pour partager ce moment, de rappeler les valeurs du Toulouse Nord FC et le souhait de la direction de faire progresser le club pour qu&rsquo;il devienne un acteur qui compte dans le paysage footballistique du quartier et du nord de Toulouse.<\/p>\n<p><a href=\"https:\/\/www.toulousenordfc.com\/wp-content\/uploads\/2018\/02\/IMG_0821.jpg\"><img loading=\"lazy\" class=\"wp-image-508 aligncenter\" src=\"https:\/\/www.toulousenordfc.com\/wp-content\/uploads\/2018\/02\/IMG_0821.jpg\" alt=\"\" width=\"727\" height=\"485\" srcset=\"https:\/\/www.toulousenordfc.com\/wp-content\/uploads\/2018\/02\/IMG_0821.jpg 5184w, https:\/\/www.toulousenordfc.com\/wp-content\/uploads\/2018\/02\/IMG_0821-300x200.jpg 300w, https:\/\/www.toulousenordfc.com\/wp-content\/uploads\/2018\/02\/IMG_0821-768x512.jpg 768w, https:\/\/www.toulousenordfc.com\/wp-content\/uploads\/2018\/02\/IMG_0821-1024x683.jpg 1024w, https:\/\/www.toulousenordfc.com\/wp-content\/uploads\/2018\/02\/IMG_0821-128x85.jpg 128w, https:\/\/www.toulousenordfc.com\/wp-content\/uploads\/2018\/02\/IMG_0821-32x21.jpg 32w\" sizes=\"(max-width: 727px) 100vw, 727px\" \/><\/a><\/p>\n<p>Mme Roncato, maire du quartier de Croix Daurade, qui a r\u00e9pondu positivement \u00e0 notre invitation, pris la parole pour f\u00e9liciter le travail r\u00e9alis\u00e9 par le club, ses dirigeants et \u00e9ducateurs, et nous a t\u00e9moign\u00e9 de son souhait d&rsquo;aider au d\u00e9veloppement de notre association.<\/p>\n<p><a href=\"https:\/\/www.toulousenordfc.com\/wp-content\/uploads\/2018\/02\/IMG_0827.jpg\"><img loading=\"lazy\" class=\"wp-image-512 aligncenter\" src=\"https:\/\/www.toulousenordfc.com\/wp-content\/uploads\/2018\/02\/IMG_0827.jpg\" alt=\"\" width=\"726\" height=\"484\" srcset=\"https:\/\/www.toulousenordfc.com\/wp-content\/uploads\/2018\/02\/IMG_0827.jpg 5184w, https:\/\/www.toulousenordfc.com\/wp-content\/uploads\/2018\/02\/IMG_0827-300x200.jpg 300w, https:\/\/www.toulousenordfc.com\/wp-content\/uploads\/2018\/02\/IMG_0827-768x512.jpg 768w, https:\/\/www.toulousenordfc.com\/wp-content\/uploads\/2018\/02\/IMG_0827-1024x683.jpg 1024w, https:\/\/www.toulousenordfc.com\/wp-content\/uploads\/2018\/02\/IMG_0827-128x85.jpg 128w, https:\/\/www.toulousenordfc.com\/wp-content\/uploads\/2018\/02\/IMG_0827-32x21.jpg 32w\" sizes=\"(max-width: 726px) 100vw, 726px\" \/><\/a><\/p>\n<p>A l&rsquo;issue de son discours, et avant d&rsquo;attaquer la d\u00e9gustation des galettes des rois, Mme Roncato s&rsquo;est vu offrir des mains du pr\u00e9sident Giudice, un bouquet de fleurs ainsi qu&rsquo;un maillot aux couleurs du TNFC floqu\u00e9 \u00e0 son nom. L&rsquo;\u00e9lue du quartier plaisanta en informant l&rsquo;assembl\u00e9e qu&rsquo;elle viendrait encourager nos \u00e9quipes sur le bord du terrain avec le maillot du club sur le dos\u2026<\/p>\n<p><a href=\"https:\/\/www.toulousenordfc.com\/wp-content\/uploads\/2018\/02\/IMG_0860.jpg\"><img loading=\"lazy\" class=\"wp-image-505 aligncenter\" src=\"https:\/\/www.toulousenordfc.com\/wp-content\/uploads\/2018\/02\/IMG_0860.jpg\" alt=\"\" width=\"727\" height=\"484\" srcset=\"https:\/\/www.toulousenordfc.com\/wp-content\/uploads\/2018\/02\/IMG_0860.jpg 5184w, https:\/\/www.toulousenordfc.com\/wp-content\/uploads\/2018\/02\/IMG_0860-300x200.jpg 300w, https:\/\/www.toulousenordfc.com\/wp-content\/uploads\/2018\/02\/IMG_0860-768x512.jpg 768w, https:\/\/www.toulousenordfc.com\/wp-content\/uploads\/2018\/02\/IMG_0860-1024x683.jpg 1024w, https:\/\/www.toulousenordfc.com\/wp-content\/uploads\/2018\/02\/IMG_0860-128x85.jpg 128w, https:\/\/www.toulousenordfc.com\/wp-content\/uploads\/2018\/02\/IMG_0860-32x21.jpg 32w\" sizes=\"(max-width: 727px) 100vw, 727px\" \/><\/a><\/p>\n<p>Nous la recevrons avec grand plaisir.<\/p>\n","protected":false},"excerpt":{"rendered":"<p>Ce mercredi 31 janvier 2018 \u00e0 17h30 s&rsquo;est d\u00e9roul\u00e9 dans la salle Cuvier de [&hellip;]<\/p>\n","protected":false},"author":1,"featured_media":504,"comment_status":"open","ping_status":"open","sticky":false,"template":"","format":"standard","meta":[],"categories":[1],"tags":[],"_links":{"self":[{"href":"https:\/\/www.toulousenordfc.com\/index.php\/wp-json\/wp\/v2\/posts\/503"}],"collection":[{"href":"https:\/\/www.toulousenordfc.com\/index.php\/wp-json\/wp\/v2\/posts"}],"about":[{"href":"https:\/\/www.toulousenordfc.com\/index.php\/wp-json\/wp\/v2\/types\/post"}],"author":[{"embeddable":true,"href":"https:\/\/www.toulousenordfc.com\/index.php\/wp-json\/wp\/v2\/users\/1"}],"replies":[{"embeddable":true,"href":"https:\/\/www.toulousenordfc.com\/index.php\/wp-json\/wp\/v2\/comments?post=503"}],"version-history":[{"count":11,"href":"https:\/\/www.toulousenordfc.com\/index.php\/wp-json\/wp\/v2\/posts\/503\/revisions"}],"predecessor-version":[{"id":518,"href":"https:\/\/www.toulousenordfc.com\/index.php\/wp-json\/wp\/v2\/posts\/503\/revisions\/518"}],"wp:featuredmedia":[{"embeddable":true,"href":"https:\/\/www.toulousenordfc.com\/index.php\/wp-json\/wp\/v2\/media\/504"}],"wp:attachment":[{"href":"https:\/\/www.toulousenordfc.com\/index.php\/wp-json\/wp\/v2\/media?parent=503"}],"wp:term":[{"taxonomy":"category","embeddable":true,"href":"https:\/\/www.toulousenordfc.com\/index.php\/wp-json\/wp\/v2\/categories?post=503"},{"taxonomy":"post_tag","embeddable":true,"href":"https:\/\/www.toulousenordfc.com\/index.php\/wp-json\/wp\/v2\/tags?post=503"}],"curies":[{"name":"wp","href":"https:\/\/api.w.org\/{rel}","templated":true}]}}