{"id":5157,"date":"2022-06-07T17:57:13","date_gmt":"2022-06-07T15:57:13","guid":{"rendered":"https:\/\/www.toulousenordfc.com\/?p=5157"},"modified":"2022-06-07T17:58:46","modified_gmt":"2022-06-07T15:58:46","slug":"assemblee-generale-ordinaire","status":"publish","type":"post","link":"https:\/\/www.toulousenordfc.com\/index.php\/2022\/06\/07\/assemblee-generale-ordinaire\/","title":{"rendered":"Assembl\u00e9e G\u00e9n\u00e9rale Ordinaire"},"content":{"rendered":"<p><a href=\"https:\/\/www.toulousenordfc.com\/wp-content\/uploads\/2020\/12\/ASSEMBLEE-GENERALE-ORDINAIRE.png\"><img loading=\"lazy\" class=\"alignleft size-full wp-image-3786\" src=\"https:\/\/www.toulousenordfc.com\/wp-content\/uploads\/2020\/12\/ASSEMBLEE-GENERALE-ORDINAIRE.png\" alt=\"\" width=\"1550\" height=\"938\" srcset=\"https:\/\/www.toulousenordfc.com\/wp-content\/uploads\/2020\/12\/ASSEMBLEE-GENERALE-ORDINAIRE.png 1550w, https:\/\/www.toulousenordfc.com\/wp-content\/uploads\/2020\/12\/ASSEMBLEE-GENERALE-ORDINAIRE-300x182.png 300w, https:\/\/www.toulousenordfc.com\/wp-content\/uploads\/2020\/12\/ASSEMBLEE-GENERALE-ORDINAIRE-1024x620.png 1024w, https:\/\/www.toulousenordfc.com\/wp-content\/uploads\/2020\/12\/ASSEMBLEE-GENERALE-ORDINAIRE-768x465.png 768w, https:\/\/www.toulousenordfc.com\/wp-content\/uploads\/2020\/12\/ASSEMBLEE-GENERALE-ORDINAIRE-1536x930.png 1536w, https:\/\/www.toulousenordfc.com\/wp-content\/uploads\/2020\/12\/ASSEMBLEE-GENERALE-ORDINAIRE-128x77.png 128w, https:\/\/www.toulousenordfc.com\/wp-content\/uploads\/2020\/12\/ASSEMBLEE-GENERALE-ORDINAIRE-32x19.png 32w\" sizes=\"(max-width: 1550px) 100vw, 1550px\" \/><\/a><\/p>\n<p>&nbsp;<\/p>\n<p>Nous avons le plaisir de vous inviter \u00e0 participer \u00e0 l&rsquo;Assembl\u00e9e G\u00e9n\u00e9rale annuelle du Toulouse Nord FC qui aura lieu vendredi 1 juillet 2022 \u00e0 19h30 au stade Cazal Lapujade.<\/p>\n<p>Voici quelques informations concernant le d\u00e9roulement de cette AG.<\/p>\n<p><u><b>1) Ordre du jour<\/b><\/u><\/p>\n<p>Les points suivants seront \u00e0 l\u2019ordre du jour :<\/p>\n<ul>\n<li>Rapport moral et sportif ;<\/li>\n<li>Rapport financier ;<\/li>\n<li>R\u00e9ponses aux questions diverses ;<\/li>\n<li>\u00c9lection de 2 nouveaux membres du Comit\u00e9 de Direction de l\u2019Association ;<\/li>\n<li>\u00c9lection du Comit\u00e9 de Direction par les membres du Comit\u00e9 Directeur (Pr\u00e9sident, Secr\u00e9taire, Secr\u00e9taire adjoint et Tr\u00e9sorier) ;<\/li>\n<li>\u00c9lection du ou des vice-pr\u00e9sidents \u00e0 la convenance du Comit\u00e9 de Direction.<\/li>\n<\/ul>\n<p><u><b>2) D\u00e9roulement de l&rsquo;Assembl\u00e9e G\u00e9n\u00e9rale<\/b><\/u><\/p>\n<div>\n<ul>\n<li>19h30 : \u00c9lection du scrutateur et du secr\u00e9taire de s\u00e9ance par le Comit\u00e9 Directeur ;<\/li>\n<li>19h45 : Validation des candidatures et des procurations ;<\/li>\n<li>20h00 : Rapport moral et sportif du Pr\u00e9sident ;<\/li>\n<li>20h15 : Rapport financier ;<\/li>\n<li>20h30 : \u00c9lection de 2 nouveaux membres du Comit\u00e9 Directeur ;<\/li>\n<li>21h00 : \u00c9lection du Bureau.<\/li>\n<\/ul>\n<p><strong>Le Comit\u00e9 Directeur du TNFC<\/strong><\/p>\n<\/div>\n","protected":false},"excerpt":{"rendered":"<p>&nbsp; Nous avons le plaisir de vous inviter \u00e0 participer \u00e0 l&rsquo;Assembl\u00e9e G\u00e9n\u00e9rale annuelle [&hellip;]<\/p>\n","protected":false},"author":2,"featured_media":5159,"comment_status":"closed","ping_status":"open","sticky":false,"template":"","format":"image","meta":[],"categories":[71,70],"tags":[],"_links":{"self":[{"href":"https:\/\/www.toulousenordfc.com\/index.php\/wp-json\/wp\/v2\/posts\/5157"}],"collection":[{"href":"https:\/\/www.toulousenordfc.com\/index.php\/wp-json\/wp\/v2\/posts"}],"about":[{"href":"https:\/\/www.toulousenordfc.com\/index.php\/wp-json\/wp\/v2\/types\/post"}],"author":[{"embeddable":true,"href":"https:\/\/www.toulousenordfc.com\/index.php\/wp-json\/wp\/v2\/users\/2"}],"replies":[{"embeddable":true,"href":"https:\/\/www.toulousenordfc.com\/index.php\/wp-json\/wp\/v2\/comments?post=5157"}],"version-history":[{"count":2,"href":"https:\/\/www.toulousenordfc.com\/index.php\/wp-json\/wp\/v2\/posts\/5157\/revisions"}],"predecessor-version":[{"id":5160,"href":"https:\/\/www.toulousenordfc.com\/index.php\/wp-json\/wp\/v2\/posts\/5157\/revisions\/5160"}],"wp:featuredmedia":[{"embeddable":true,"href":"https:\/\/www.toulousenordfc.com\/index.php\/wp-json\/wp\/v2\/media\/5159"}],"wp:attachment":[{"href":"https:\/\/www.toulousenordfc.com\/index.php\/wp-json\/wp\/v2\/media?parent=5157"}],"wp:term":[{"taxonomy":"category","embeddable":true,"href":"https:\/\/www.toulousenordfc.com\/index.php\/wp-json\/wp\/v2\/categories?post=5157"},{"taxonomy":"post_tag","embeddable":true,"href":"https:\/\/www.toulousenordfc.com\/index.php\/wp-json\/wp\/v2\/tags?post=5157"}],"curies":[{"name":"wp","href":"https:\/\/api.w.org\/{rel}","templated":true}]}}